{"id":3749,"date":"2026-03-18T01:14:53","date_gmt":"2026-03-18T01:14:53","guid":{"rendered":"https:\/\/globalfacilitators.org\/?p=3749"},"modified":"2026-03-18T01:14:53","modified_gmt":"2026-03-18T01:14:53","slug":"gfsc-at-iaf-americas-conference-2026","status":"publish","type":"post","link":"https:\/\/globalfacilitators.org\/es\/gfsc-at-iaf-americas-conference-2026\/","title":{"rendered":"GFSC en la Conferencia IAF de las Am\u00e9ricas 2026"},"content":{"rendered":"Dos de los voluntarios de GFSC en Colombia, Francisco Luis Fern\u00e1ndez Correa y Ximena Combariza E. facilitar\u00e1n el taller \u00abCrisis &#8211; Cambio &#8211; Elecci\u00f3n. Facilitaci\u00f3n en Tiempos de Crisis\u00bb, dentro de la Conferencia de las Am\u00e9ricas 2026 organizada por la Asociaci\u00f3n Internacional de Facilitadores IAF, que se llevar\u00e1 a cabo en Monterrey, M\u00e9xico, del 30 de abril al 2 de mayo.","protected":false},"excerpt":{"rendered":"<p>Dos de los voluntarios de GFSC en Colombia, Francisco Luis Fern\u00e1ndez Correa y Ximena Combariza E. facilitar\u00e1n el taller \u00abCrisis &#8211; Cambio &#8211; Elecci\u00f3n. Facilitaci\u00f3n en Tiempos de Crisis\u00bb, dentro de la Conferencia de las Am\u00e9ricas 2026 organizada por la Asociaci\u00f3n Internacional de Facilitadores IAF, que se llevar\u00e1 a cabo en Monterrey, M\u00e9xico, del 30&#8230; <\/p>\n","protected":false},"author":542,"featured_media":3748,"comment_status":"open","ping_status":"open","sticky":false,"template":"","format":"standard","meta":{"footnotes":""},"categories":[40,1],"tags":[],"class_list":["post-3749","post","type-post","status-publish","format-standard","has-post-thumbnail","hentry","category-eventos","category-uncategorized"],"yoast_head":"<!-- This site is optimized with the Yoast SEO plugin v27.4 - https:\/\/yoast.com\/product\/yoast-seo-wordpress\/ -->\n<title>GFSC en la Conferencia IAF de las Am\u00e9ricas 2026 - GFSC<\/title>\n<meta name=\"robots\" content=\"index, follow, max-snippet:-1, max-image-preview:large, max-video-preview:-1\" \/>\n<link rel=\"canonical\" href=\"https:\/\/globalfacilitators.org\/gfsc-at-iaf-americas-conference-2026\/\" \/>\n<meta property=\"og:locale\" content=\"es_ES\" \/>\n<meta property=\"og:type\" content=\"article\" \/>\n<meta property=\"og:title\" content=\"[:en]GFSC at IAF Americas Conference 2026[:es]GFSC en la Conferencia IAF de las Am\u00e9ricas 2026[:] - GFSC\" \/>\n<meta property=\"og:description\" content=\"Two of GFSC\u2019s volunteers in Colombia, Francisco Luis Fern\u00e1ndez Correa and Ximena Combariza E., will facilitate the workshop \u201cCrisis \u2013 Change \u2013 Choice.\" \/>\n<meta property=\"og:url\" content=\"https:\/\/globalfacilitators.org\/gfsc-at-iaf-americas-conference-2026\/\" \/>\n<meta property=\"og:site_name\" content=\"GFSC\" \/>\n<meta property=\"article:published_time\" content=\"2026-03-18T01:14:53+00:00\" \/>\n<meta property=\"og:image\" content=\"https:\/\/globalfacilitators.org\/wp-content\/uploads\/2026\/03\/Flyer-Taller-Crisis-Cambio-Eleccion.png\" \/>\n<meta name=\"author\" content=\"Ximena\" \/>\n<meta name=\"twitter:card\" content=\"summary_large_image\" \/>\n<meta name=\"twitter:title\" content=\"[:en]GFSC at IAF Americas Conference 2026[:es]GFSC en la Conferencia IAF de las Am\u00e9ricas 2026[:] - GFSC\" \/>\n<meta name=\"twitter:description\" content=\"Two of GFSC\u2019s volunteers in Colombia, Francisco Luis Fern\u00e1ndez Correa and Ximena Combariza E., will facilitate the workshop \u201cCrisis \u2013 Change \u2013 Choice.\" \/>\n<meta name=\"twitter:image\" content=\"https:\/\/globalfacilitators.org\/wp-content\/uploads\/2026\/03\/Flyer-Taller-Crisis-Cambio-Eleccion.png\" \/>\n<meta name=\"twitter:label1\" content=\"Escrito por\" \/>\n\t<meta name=\"twitter:data1\" content=\"Ximena\" \/>\n\t<meta name=\"twitter:label2\" content=\"Tiempo de lectura\" \/>\n\t<meta name=\"twitter:data2\" content=\"1 minuto\" \/>\n<script type=\"application\/ld+json\" class=\"yoast-schema-graph\">{\"@context\":\"https:\\\/\\\/schema.org\",\"@graph\":[{\"@type\":\"Article\",\"@id\":\"https:\\\/\\\/globalfacilitators.org\\\/gfsc-at-iaf-americas-conference-2026\\\/#article\",\"isPartOf\":{\"@id\":\"https:\\\/\\\/globalfacilitators.org\\\/gfsc-at-iaf-americas-conference-2026\\\/\"},\"author\":{\"name\":\"Ximena\",\"@id\":\"https:\\\/\\\/globalfacilitators.org\\\/#\\\/schema\\\/person\\\/5c1aa8723e2e987ced619572fb8412f2\"},\"headline\":\"GFSC en la Conferencia IAF de las Am\u00e9ricas 2026\",\"datePublished\":\"2026-03-18T01:14:53+00:00\",\"mainEntityOfPage\":{\"@id\":\"https:\\\/\\\/globalfacilitators.org\\\/gfsc-at-iaf-americas-conference-2026\\\/\"},\"wordCount\":138,\"commentCount\":0,\"image\":{\"@id\":\"https:\\\/\\\/globalfacilitators.org\\\/gfsc-at-iaf-americas-conference-2026\\\/#primaryimage\"},\"thumbnailUrl\":\"https:\\\/\\\/globalfacilitators.org\\\/wp-content\\\/uploads\\\/2026\\\/03\\\/Flyer-Taller-Crisis-Cambio-Eleccion.png\",\"articleSection\":[\"Eventos\",\"Uncategorized\"],\"inLanguage\":\"es\",\"potentialAction\":[{\"@type\":\"CommentAction\",\"name\":\"Comment\",\"target\":[\"https:\\\/\\\/globalfacilitators.org\\\/gfsc-at-iaf-americas-conference-2026\\\/#respond\"]}]},{\"@type\":\"WebPage\",\"@id\":\"https:\\\/\\\/globalfacilitators.org\\\/gfsc-at-iaf-americas-conference-2026\\\/\",\"url\":\"https:\\\/\\\/globalfacilitators.org\\\/gfsc-at-iaf-americas-conference-2026\\\/\",\"name\":\"[:en]GFSC at IAF Americas Conference 2026[:es]GFSC en la Conferencia IAF de las Am\u00e9ricas 2026[:] - GFSC\",\"isPartOf\":{\"@id\":\"https:\\\/\\\/globalfacilitators.org\\\/#website\"},\"primaryImageOfPage\":{\"@id\":\"https:\\\/\\\/globalfacilitators.org\\\/gfsc-at-iaf-americas-conference-2026\\\/#primaryimage\"},\"image\":{\"@id\":\"https:\\\/\\\/globalfacilitators.org\\\/gfsc-at-iaf-americas-conference-2026\\\/#primaryimage\"},\"thumbnailUrl\":\"https:\\\/\\\/globalfacilitators.org\\\/wp-content\\\/uploads\\\/2026\\\/03\\\/Flyer-Taller-Crisis-Cambio-Eleccion.png\",\"datePublished\":\"2026-03-18T01:14:53+00:00\",\"author\":{\"@id\":\"https:\\\/\\\/globalfacilitators.org\\\/#\\\/schema\\\/person\\\/5c1aa8723e2e987ced619572fb8412f2\"},\"breadcrumb\":{\"@id\":\"https:\\\/\\\/globalfacilitators.org\\\/gfsc-at-iaf-americas-conference-2026\\\/#breadcrumb\"},\"inLanguage\":\"es\",\"potentialAction\":[{\"@type\":\"ReadAction\",\"target\":[\"https:\\\/\\\/globalfacilitators.org\\\/gfsc-at-iaf-americas-conference-2026\\\/\"]}]},{\"@type\":\"ImageObject\",\"inLanguage\":\"es\",\"@id\":\"https:\\\/\\\/globalfacilitators.org\\\/gfsc-at-iaf-americas-conference-2026\\\/#primaryimage\",\"url\":\"https:\\\/\\\/globalfacilitators.org\\\/wp-content\\\/uploads\\\/2026\\\/03\\\/Flyer-Taller-Crisis-Cambio-Eleccion.png\",\"contentUrl\":\"https:\\\/\\\/globalfacilitators.org\\\/wp-content\\\/uploads\\\/2026\\\/03\\\/Flyer-Taller-Crisis-Cambio-Eleccion.png\",\"width\":1200,\"height\":1200,\"caption\":\"Workshop speakers Francisco Fern\u00e1ndez and Ximena Combariza at IAF Americas Conference 2026.\"},{\"@type\":\"BreadcrumbList\",\"@id\":\"https:\\\/\\\/globalfacilitators.org\\\/gfsc-at-iaf-americas-conference-2026\\\/#breadcrumb\",\"itemListElement\":[{\"@type\":\"ListItem\",\"position\":1,\"name\":\"Home\",\"item\":\"https:\\\/\\\/globalfacilitators.org\\\/\"},{\"@type\":\"ListItem\",\"position\":2,\"name\":\"[:en]GFSC at IAF Americas Conference 2026[:es]GFSC en la Conferencia IAF de las Am\u00e9ricas 2026[:]\"}]},{\"@type\":\"WebSite\",\"@id\":\"https:\\\/\\\/globalfacilitators.org\\\/#website\",\"url\":\"https:\\\/\\\/globalfacilitators.org\\\/\",\"name\":\"GFSC\",\"description\":\"\",\"potentialAction\":[{\"@type\":\"SearchAction\",\"target\":{\"@type\":\"EntryPoint\",\"urlTemplate\":\"https:\\\/\\\/globalfacilitators.org\\\/?s={search_term_string}\"},\"query-input\":{\"@type\":\"PropertyValueSpecification\",\"valueRequired\":true,\"valueName\":\"search_term_string\"}}],\"inLanguage\":\"es\"},{\"@type\":\"Person\",\"@id\":\"https:\\\/\\\/globalfacilitators.org\\\/#\\\/schema\\\/person\\\/5c1aa8723e2e987ced619572fb8412f2\",\"name\":\"Ximena\",\"image\":{\"@type\":\"ImageObject\",\"inLanguage\":\"es\",\"@id\":\"https:\\\/\\\/secure.gravatar.com\\\/avatar\\\/619437e767f4a8e6f00f4e81940d2c4f46fda530b6adce06e8c7e0ab0e53447f?s=96&d=mm&r=g\",\"url\":\"https:\\\/\\\/secure.gravatar.com\\\/avatar\\\/619437e767f4a8e6f00f4e81940d2c4f46fda530b6adce06e8c7e0ab0e53447f?s=96&d=mm&r=g\",\"contentUrl\":\"https:\\\/\\\/secure.gravatar.com\\\/avatar\\\/619437e767f4a8e6f00f4e81940d2c4f46fda530b6adce06e8c7e0ab0e53447f?s=96&d=mm&r=g\",\"caption\":\"Ximena\"},\"url\":\"https:\\\/\\\/globalfacilitators.org\\\/es\\\/author\\\/ximena\\\/\"}]}<\/script>\n<!-- \/ Yoast SEO plugin. -->","yoast_head_json":{"title":"[:en]GFSC at IAF Americas Conference 2026[:es]GFSC en la Conferencia IAF de las Am\u00e9ricas 2026[:] - GFSC","robots":{"index":"index","follow":"follow","max-snippet":"max-snippet:-1","max-image-preview":"max-image-preview:large","max-video-preview":"max-video-preview:-1"},"canonical":"https:\/\/globalfacilitators.org\/gfsc-at-iaf-americas-conference-2026\/","og_locale":"es_ES","og_type":"article","og_title":"[:en]GFSC at IAF Americas Conference 2026[:es]GFSC en la Conferencia IAF de las Am\u00e9ricas 2026[:] - GFSC","og_description":"Two of GFSC\u2019s volunteers in Colombia, Francisco Luis Fern\u00e1ndez Correa and Ximena Combariza E., will facilitate the workshop \u201cCrisis \u2013 Change \u2013 Choice.","og_url":"https:\/\/globalfacilitators.org\/gfsc-at-iaf-americas-conference-2026\/","og_site_name":"GFSC","article_published_time":"2026-03-18T01:14:53+00:00","og_image":[{"url":"https:\/\/globalfacilitators.org\/wp-content\/uploads\/2026\/03\/Flyer-Taller-Crisis-Cambio-Eleccion.png","type":"","width":"","height":""}],"author":"Ximena","twitter_card":"summary_large_image","twitter_title":"[:en]GFSC at IAF Americas Conference 2026[:es]GFSC en la Conferencia IAF de las Am\u00e9ricas 2026[:] - GFSC","twitter_description":"Two of GFSC\u2019s volunteers in Colombia, Francisco Luis Fern\u00e1ndez Correa and Ximena Combariza E., will facilitate the workshop \u201cCrisis \u2013 Change \u2013 Choice.","twitter_image":"https:\/\/globalfacilitators.org\/wp-content\/uploads\/2026\/03\/Flyer-Taller-Crisis-Cambio-Eleccion.png","twitter_misc":{"Escrito por":"Ximena","Tiempo de lectura":"1 minuto"},"schema":{"@context":"https:\/\/schema.org","@graph":[{"@type":"Article","@id":"https:\/\/globalfacilitators.org\/gfsc-at-iaf-americas-conference-2026\/#article","isPartOf":{"@id":"https:\/\/globalfacilitators.org\/gfsc-at-iaf-americas-conference-2026\/"},"author":{"name":"Ximena","@id":"https:\/\/globalfacilitators.org\/#\/schema\/person\/5c1aa8723e2e987ced619572fb8412f2"},"headline":"GFSC en la Conferencia IAF de las Am\u00e9ricas 2026","datePublished":"2026-03-18T01:14:53+00:00","mainEntityOfPage":{"@id":"https:\/\/globalfacilitators.org\/gfsc-at-iaf-americas-conference-2026\/"},"wordCount":138,"commentCount":0,"image":{"@id":"https:\/\/globalfacilitators.org\/gfsc-at-iaf-americas-conference-2026\/#primaryimage"},"thumbnailUrl":"https:\/\/globalfacilitators.org\/wp-content\/uploads\/2026\/03\/Flyer-Taller-Crisis-Cambio-Eleccion.png","articleSection":["Eventos","Uncategorized"],"inLanguage":"es","potentialAction":[{"@type":"CommentAction","name":"Comment","target":["https:\/\/globalfacilitators.org\/gfsc-at-iaf-americas-conference-2026\/#respond"]}]},{"@type":"WebPage","@id":"https:\/\/globalfacilitators.org\/gfsc-at-iaf-americas-conference-2026\/","url":"https:\/\/globalfacilitators.org\/gfsc-at-iaf-americas-conference-2026\/","name":"[:en]GFSC at IAF Americas Conference 2026[:es]GFSC en la Conferencia IAF de las Am\u00e9ricas 2026[:] - GFSC","isPartOf":{"@id":"https:\/\/globalfacilitators.org\/#website"},"primaryImageOfPage":{"@id":"https:\/\/globalfacilitators.org\/gfsc-at-iaf-americas-conference-2026\/#primaryimage"},"image":{"@id":"https:\/\/globalfacilitators.org\/gfsc-at-iaf-americas-conference-2026\/#primaryimage"},"thumbnailUrl":"https:\/\/globalfacilitators.org\/wp-content\/uploads\/2026\/03\/Flyer-Taller-Crisis-Cambio-Eleccion.png","datePublished":"2026-03-18T01:14:53+00:00","author":{"@id":"https:\/\/globalfacilitators.org\/#\/schema\/person\/5c1aa8723e2e987ced619572fb8412f2"},"breadcrumb":{"@id":"https:\/\/globalfacilitators.org\/gfsc-at-iaf-americas-conference-2026\/#breadcrumb"},"inLanguage":"es","potentialAction":[{"@type":"ReadAction","target":["https:\/\/globalfacilitators.org\/gfsc-at-iaf-americas-conference-2026\/"]}]},{"@type":"ImageObject","inLanguage":"es","@id":"https:\/\/globalfacilitators.org\/gfsc-at-iaf-americas-conference-2026\/#primaryimage","url":"https:\/\/globalfacilitators.org\/wp-content\/uploads\/2026\/03\/Flyer-Taller-Crisis-Cambio-Eleccion.png","contentUrl":"https:\/\/globalfacilitators.org\/wp-content\/uploads\/2026\/03\/Flyer-Taller-Crisis-Cambio-Eleccion.png","width":1200,"height":1200,"caption":"Workshop speakers Francisco Fern\u00e1ndez and Ximena Combariza at IAF Americas Conference 2026."},{"@type":"BreadcrumbList","@id":"https:\/\/globalfacilitators.org\/gfsc-at-iaf-americas-conference-2026\/#breadcrumb","itemListElement":[{"@type":"ListItem","position":1,"name":"Home","item":"https:\/\/globalfacilitators.org\/"},{"@type":"ListItem","position":2,"name":"[:en]GFSC at IAF Americas Conference 2026[:es]GFSC en la Conferencia IAF de las Am\u00e9ricas 2026[:]"}]},{"@type":"WebSite","@id":"https:\/\/globalfacilitators.org\/#website","url":"https:\/\/globalfacilitators.org\/","name":"GFSC","description":"","potentialAction":[{"@type":"SearchAction","target":{"@type":"EntryPoint","urlTemplate":"https:\/\/globalfacilitators.org\/?s={search_term_string}"},"query-input":{"@type":"PropertyValueSpecification","valueRequired":true,"valueName":"search_term_string"}}],"inLanguage":"es"},{"@type":"Person","@id":"https:\/\/globalfacilitators.org\/#\/schema\/person\/5c1aa8723e2e987ced619572fb8412f2","name":"Ximena","image":{"@type":"ImageObject","inLanguage":"es","@id":"https:\/\/secure.gravatar.com\/avatar\/619437e767f4a8e6f00f4e81940d2c4f46fda530b6adce06e8c7e0ab0e53447f?s=96&d=mm&r=g","url":"https:\/\/secure.gravatar.com\/avatar\/619437e767f4a8e6f00f4e81940d2c4f46fda530b6adce06e8c7e0ab0e53447f?s=96&d=mm&r=g","contentUrl":"https:\/\/secure.gravatar.com\/avatar\/619437e767f4a8e6f00f4e81940d2c4f46fda530b6adce06e8c7e0ab0e53447f?s=96&d=mm&r=g","caption":"Ximena"},"url":"https:\/\/globalfacilitators.org\/es\/author\/ximena\/"}]}},"_links":{"self":[{"href":"https:\/\/globalfacilitators.org\/es\/wp-json\/wp\/v2\/posts\/3749","targetHints":{"allow":["GET"]}}],"collection":[{"href":"https:\/\/globalfacilitators.org\/es\/wp-json\/wp\/v2\/posts"}],"about":[{"href":"https:\/\/globalfacilitators.org\/es\/wp-json\/wp\/v2\/types\/post"}],"author":[{"embeddable":true,"href":"https:\/\/globalfacilitators.org\/es\/wp-json\/wp\/v2\/users\/542"}],"replies":[{"embeddable":true,"href":"https:\/\/globalfacilitators.org\/es\/wp-json\/wp\/v2\/comments?post=3749"}],"version-history":[{"count":3,"href":"https:\/\/globalfacilitators.org\/es\/wp-json\/wp\/v2\/posts\/3749\/revisions"}],"predecessor-version":[{"id":3752,"href":"https:\/\/globalfacilitators.org\/es\/wp-json\/wp\/v2\/posts\/3749\/revisions\/3752"}],"wp:featuredmedia":[{"embeddable":true,"href":"https:\/\/globalfacilitators.org\/es\/wp-json\/wp\/v2\/media\/3748"}],"wp:attachment":[{"href":"https:\/\/globalfacilitators.org\/es\/wp-json\/wp\/v2\/media?parent=3749"}],"wp:term":[{"taxonomy":"category","embeddable":true,"href":"https:\/\/globalfacilitators.org\/es\/wp-json\/wp\/v2\/categories?post=3749"},{"taxonomy":"post_tag","embeddable":true,"href":"https:\/\/globalfacilitators.org\/es\/wp-json\/wp\/v2\/tags?post=3749"}],"curies":[{"name":"wp","href":"https:\/\/api.w.org\/{rel}","templated":true}]}}